{"id":2871,"date":"2025-10-08T11:04:04","date_gmt":"2025-10-08T09:04:04","guid":{"rendered":"https:\/\/www.matosboucan.com\/?p=2871"},"modified":"2025-10-08T11:25:39","modified_gmt":"2025-10-08T09:25:39","slug":"de-pont-labbe-a-sydney","status":"publish","type":"post","link":"https:\/\/www.matosboucan.com\/index.php\/2025\/10\/08\/de-pont-labbe-a-sydney\/","title":{"rendered":"De Pont l&#8217;Abb\u00e9 \u00e0 Sydney"},"content":{"rendered":"\n<h2 class=\"wp-block-heading\"><strong>\ud83c\udfc3\u200d\u2642\ufe0f De Pont-l\u2019Abb\u00e9 \u00e0 Sydney : mon portrait dans&nbsp;<\/strong><\/h2>\n\n\n\n<h2 class=\"wp-block-heading\"><strong>Ouest-France<\/strong><\/h2>\n\n\n\n<p>C\u2019est avec beaucoup de fiert\u00e9 (et un grand sourire) que je partage aujourd\u2019hui un superbe article publi\u00e9 dans&nbsp;<strong>Ouest-France<\/strong>&nbsp;ce week-end. Le journal m\u2019a consacr\u00e9 un portrait complet autour de mes deux passions : la&nbsp;<strong>course \u00e0 pied<\/strong>&nbsp;et la&nbsp;<strong>cr\u00e9ation de contenu<\/strong>.<\/p>\n\n\n\n<h3 class=\"wp-block-heading\"><strong>\ud83c\udfa5 De Leclerc Pont-l\u2019Abb\u00e9 aux millions de vues<\/strong><\/h3>\n\n\n\n<p>Dans ce papier sign\u00e9&nbsp;<strong>Dylan Le M\u00e9e<\/strong>, on revient sur l\u2019aventure un peu folle commenc\u00e9e il y a quelques ann\u00e9es : mes&nbsp;<strong>vid\u00e9os humoristiques et d\u00e9cal\u00e9es<\/strong>&nbsp;tourn\u00e9es au&nbsp;<strong>Leclerc Pont-l\u2019Abb\u00e9<\/strong>, o\u00f9 je partage chaque semaine un bout du quotidien, des id\u00e9es, et parfois quelques d\u00e9lires de coureur !<\/p>\n\n\n\n<p>Ces vid\u00e9os, vues par&nbsp;<strong>des millions d\u2019internautes<\/strong>, m\u2019ont permis de tisser une vraie communaut\u00e9 sur les r\u00e9seaux \u2014 notamment sur&nbsp;<strong>TikTok et Instagram<\/strong>&nbsp;\u2014 tout en restant fid\u00e8le \u00e0 mon style : de la bonne humeur, de l\u2019autod\u00e9rision et beaucoup de simplicit\u00e9.<\/p>\n\n\n\n<h3 class=\"wp-block-heading\"><strong>\ud83c\udfc5 18 marathons et une nouvelle aventure \u00e0 Sydney<\/strong><\/h3>\n\n\n\n<p>Mais derri\u00e8re la cam\u00e9ra, il y a aussi le passionn\u00e9 de running que je suis devenu presque par hasard. Comme je le raconte dans l\u2019article, tout a commenc\u00e9 apr\u00e8s avoir \u201cfr\u00f4l\u00e9 les 100 kg\u201d. Depuis, la course \u00e0 pied a pris une place immense dans ma vie :&nbsp;<strong>18 marathons<\/strong>&nbsp;courus \u00e0 travers le monde, de&nbsp;<strong>Paris<\/strong>&nbsp;\u00e0&nbsp;<strong>Boston<\/strong>, de&nbsp;<strong>Berlin<\/strong>&nbsp;\u00e0&nbsp;<strong>New York<\/strong>, et bient\u00f4t\u2026&nbsp;<strong>Sydney<\/strong>, o\u00f9 je prendrai le d\u00e9part ce dimanche.<\/p>\n\n\n\n<p>L\u2019article revient aussi sur ce d\u00e9fi personnel : courir les&nbsp;<strong>six majors mondiaux<\/strong>, un objectif que j\u2019ai eu la chance de boucler en 2022. Et malgr\u00e9 les kilom\u00e8tres, les voyages et les r\u00e9veils \u00e0 l\u2019aube, la passion est toujours intacte.<\/p>\n\n\n\n<h3 class=\"wp-block-heading\"><strong>\u2764\ufe0f Une reconnaissance qui me touche<\/strong><\/h3>\n\n\n\n<p>Ce portrait est aussi l\u2019occasion de remercier tous ceux qui me suivent, m\u2019encouragent, me reconnaissent parfois dans la rue ou sur les courses (\u201cAh mais c\u2019est le mec de Pont-l\u2019Abb\u00e9 !\u201d). Sans vous, rien de tout \u00e7a n\u2019aurait la m\u00eame saveur.<\/p>\n\n\n\n<hr class=\"wp-block-separator has-alpha-channel-opacity\"\/>\n\n\n\n<p>\ud83d\udcf8 L\u2019article complet est \u00e0 retrouver dans\u00a0<strong>l\u2019\u00e9dition Ouest-France du 31 ao\u00fbt 2025<\/strong>, ou directement <a href=\"https:\/\/www.matosboucan.com\/wp-content\/uploads\/2025\/10\/article-ouest-france-matosboucan.pdf\">ici<\/a><\/p>\n\n\n\n<p>Encore merci \u00e0 la r\u00e9daction pour ce super moment d\u2019\u00e9change et de partage \ud83d\ude4f<\/p>\n\n\n\n<p>\u27a1\ufe0f&nbsp;<em>Prochaine \u00e9tape : Sydney Marathon, let\u2019s go!<\/em>&nbsp;\ud83c\udde6\ud83c\uddfa<\/p>\n\n\n","protected":false},"excerpt":{"rendered":"<p>\ud83c\udfc3\u200d\u2642\ufe0f De Pont-l\u2019Abb\u00e9 \u00e0 Sydney : mon portrait dans&nbsp; Ouest-France C\u2019est avec beaucoup de fiert\u00e9 (et un grand sourire) que je partage aujourd\u2019hui un superbe article publi\u00e9 dans&nbsp;Ouest-France&nbsp;ce week-end. Le journal m\u2019a consacr\u00e9 un portrait complet autour de mes deux passions : la&nbsp;course \u00e0 pied&nbsp;et la&nbsp;cr\u00e9ation de contenu. \ud83c\udfa5 De Leclerc Pont-l\u2019Abb\u00e9 aux millions de [&hellip;]<\/p>\n","protected":false},"author":1,"featured_media":2880,"comment_status":"closed","ping_status":"closed","sticky":false,"template":"","format":"standard","meta":{"_mi_skip_tracking":false,"_exactmetrics_sitenote_active":false,"_exactmetrics_sitenote_note":"","_exactmetrics_sitenote_category":0,"jetpack_post_was_ever_published":false,"_jetpack_newsletter_access":"","_jetpack_dont_email_post_to_subs":false,"_jetpack_newsletter_tier_id":0,"_jetpack_memberships_contains_paywalled_content":false,"_jetpack_memberships_contains_paid_content":false,"footnotes":"","jetpack_publicize_message":"","jetpack_publicize_feature_enabled":true,"jetpack_social_post_already_shared":true,"jetpack_social_options":{"image_generator_settings":{"template":"highway","enabled":false},"version":2}},"categories":[1],"tags":[],"jetpack_publicize_connections":[],"yoast_head":"<!-- This site is optimized with the Yoast SEO plugin v24.5 - https:\/\/yoast.com\/wordpress\/plugins\/seo\/ -->\n<title>De Pont l&#039;Abb\u00e9 \u00e0 Sydney - MatosBoucan<\/title>\n<meta name=\"robots\" content=\"index, follow, max-snippet:-1, max-image-preview:large, max-video-preview:-1\" \/>\n<link rel=\"canonical\" href=\"https:\/\/www.matosboucan.com\/index.php\/2025\/10\/08\/de-pont-labbe-a-sydney\/\" class=\"yoast-seo-meta-tag\" \/>\n<meta property=\"og:locale\" content=\"fr_FR\" class=\"yoast-seo-meta-tag\" \/>\n<meta property=\"og:type\" content=\"article\" class=\"yoast-seo-meta-tag\" \/>\n<meta property=\"og:title\" content=\"De Pont l&#039;Abb\u00e9 \u00e0 Sydney - MatosBoucan\" class=\"yoast-seo-meta-tag\" \/>\n<meta property=\"og:description\" content=\"\ud83c\udfc3\u200d\u2642\ufe0f De Pont-l\u2019Abb\u00e9 \u00e0 Sydney : mon portrait dans&nbsp; Ouest-France C\u2019est avec beaucoup de fiert\u00e9 (et un grand sourire) que je partage aujourd\u2019hui un superbe article publi\u00e9 dans&nbsp;Ouest-France&nbsp;ce week-end. Le journal m\u2019a consacr\u00e9 un portrait complet autour de mes deux passions : la&nbsp;course \u00e0 pied&nbsp;et la&nbsp;cr\u00e9ation de contenu. \ud83c\udfa5 De Leclerc Pont-l\u2019Abb\u00e9 aux millions de [&hellip;]\" class=\"yoast-seo-meta-tag\" \/>\n<meta property=\"og:url\" content=\"https:\/\/www.matosboucan.com\/index.php\/2025\/10\/08\/de-pont-labbe-a-sydney\/\" class=\"yoast-seo-meta-tag\" \/>\n<meta property=\"og:site_name\" content=\"MatosBoucan\" class=\"yoast-seo-meta-tag\" \/>\n<meta property=\"article:publisher\" content=\"https:\/\/www.facebook.com\/MatosBoucan\" class=\"yoast-seo-meta-tag\" \/>\n<meta property=\"article:published_time\" content=\"2025-10-08T09:04:04+00:00\" class=\"yoast-seo-meta-tag\" \/>\n<meta property=\"article:modified_time\" content=\"2025-10-08T09:25:39+00:00\" class=\"yoast-seo-meta-tag\" \/>\n<meta property=\"og:image\" content=\"https:\/\/www.matosboucan.com\/wp-content\/uploads\/2025\/10\/photo-couv-article-ouest-france.jpg\" class=\"yoast-seo-meta-tag\" \/>\n\t<meta property=\"og:image:width\" content=\"1200\" class=\"yoast-seo-meta-tag\" \/>\n\t<meta property=\"og:image:height\" content=\"703\" class=\"yoast-seo-meta-tag\" \/>\n\t<meta property=\"og:image:type\" content=\"image\/jpeg\" class=\"yoast-seo-meta-tag\" \/>\n<meta name=\"author\" content=\"MatosBoucan\" class=\"yoast-seo-meta-tag\" \/>\n<meta name=\"twitter:card\" content=\"summary_large_image\" class=\"yoast-seo-meta-tag\" \/>\n<meta name=\"twitter:creator\" content=\"@MatosBoucan\" class=\"yoast-seo-meta-tag\" \/>\n<meta name=\"twitter:site\" content=\"@MatosBoucan\" class=\"yoast-seo-meta-tag\" \/>\n<meta name=\"twitter:label1\" content=\"\u00c9crit par\" class=\"yoast-seo-meta-tag\" \/>\n\t<meta name=\"twitter:data1\" content=\"MatosBoucan\" class=\"yoast-seo-meta-tag\" \/>\n\t<meta name=\"twitter:label2\" content=\"Dur\u00e9e de lecture estim\u00e9e\" class=\"yoast-seo-meta-tag\" \/>\n\t<meta name=\"twitter:data2\" content=\"3 minutes\" class=\"yoast-seo-meta-tag\" \/>\n<script type=\"application\/ld+json\" class=\"yoast-schema-graph\">{\"@context\":\"https:\/\/schema.org\",\"@graph\":[{\"@type\":\"WebPage\",\"@id\":\"https:\/\/www.matosboucan.com\/index.php\/2025\/10\/08\/de-pont-labbe-a-sydney\/\",\"url\":\"https:\/\/www.matosboucan.com\/index.php\/2025\/10\/08\/de-pont-labbe-a-sydney\/\",\"name\":\"De Pont l'Abb\u00e9 \u00e0 Sydney - MatosBoucan\",\"isPartOf\":{\"@id\":\"https:\/\/www.matosboucan.com\/#website\"},\"primaryImageOfPage\":{\"@id\":\"https:\/\/www.matosboucan.com\/index.php\/2025\/10\/08\/de-pont-labbe-a-sydney\/#primaryimage\"},\"image\":{\"@id\":\"https:\/\/www.matosboucan.com\/index.php\/2025\/10\/08\/de-pont-labbe-a-sydney\/#primaryimage\"},\"thumbnailUrl\":\"https:\/\/www.matosboucan.com\/wp-content\/uploads\/2025\/10\/photo-couv-article-ouest-france.jpg\",\"datePublished\":\"2025-10-08T09:04:04+00:00\",\"dateModified\":\"2025-10-08T09:25:39+00:00\",\"author\":{\"@id\":\"https:\/\/www.matosboucan.com\/#\/schema\/person\/c075701518109e10e4a3095ea9d7dcb3\"},\"breadcrumb\":{\"@id\":\"https:\/\/www.matosboucan.com\/index.php\/2025\/10\/08\/de-pont-labbe-a-sydney\/#breadcrumb\"},\"inLanguage\":\"fr-FR\",\"potentialAction\":[{\"@type\":\"ReadAction\",\"target\":[\"https:\/\/www.matosboucan.com\/index.php\/2025\/10\/08\/de-pont-labbe-a-sydney\/\"]}]},{\"@type\":\"ImageObject\",\"inLanguage\":\"fr-FR\",\"@id\":\"https:\/\/www.matosboucan.com\/index.php\/2025\/10\/08\/de-pont-labbe-a-sydney\/#primaryimage\",\"url\":\"https:\/\/www.matosboucan.com\/wp-content\/uploads\/2025\/10\/photo-couv-article-ouest-france.jpg\",\"contentUrl\":\"https:\/\/www.matosboucan.com\/wp-content\/uploads\/2025\/10\/photo-couv-article-ouest-france.jpg\",\"width\":1200,\"height\":703},{\"@type\":\"BreadcrumbList\",\"@id\":\"https:\/\/www.matosboucan.com\/index.php\/2025\/10\/08\/de-pont-labbe-a-sydney\/#breadcrumb\",\"itemListElement\":[{\"@type\":\"ListItem\",\"position\":1,\"name\":\"Accueil\",\"item\":\"https:\/\/www.matosboucan.com\/\"},{\"@type\":\"ListItem\",\"position\":2,\"name\":\"De Pont l&#8217;Abb\u00e9 \u00e0 Sydney\"}]},{\"@type\":\"WebSite\",\"@id\":\"https:\/\/www.matosboucan.com\/#website\",\"url\":\"https:\/\/www.matosboucan.com\/\",\"name\":\"MatosBoucan French runner since 2014\",\"description\":\"French runner since 2014\",\"potentialAction\":[{\"@type\":\"SearchAction\",\"target\":{\"@type\":\"EntryPoint\",\"urlTemplate\":\"https:\/\/www.matosboucan.com\/?s={search_term_string}\"},\"query-input\":{\"@type\":\"PropertyValueSpecification\",\"valueRequired\":true,\"valueName\":\"search_term_string\"}}],\"inLanguage\":\"fr-FR\"},{\"@type\":\"Person\",\"@id\":\"https:\/\/www.matosboucan.com\/#\/schema\/person\/c075701518109e10e4a3095ea9d7dcb3\",\"name\":\"MatosBoucan\",\"url\":\"https:\/\/www.matosboucan.com\/index.php\/author\/admin5393\/\"}]}<\/script>\n<!-- \/ Yoast SEO plugin. -->","yoast_head_json":{"title":"De Pont l'Abb\u00e9 \u00e0 Sydney - MatosBoucan","robots":{"index":"index","follow":"follow","max-snippet":"max-snippet:-1","max-image-preview":"max-image-preview:large","max-video-preview":"max-video-preview:-1"},"canonical":"https:\/\/www.matosboucan.com\/index.php\/2025\/10\/08\/de-pont-labbe-a-sydney\/","og_locale":"fr_FR","og_type":"article","og_title":"De Pont l'Abb\u00e9 \u00e0 Sydney - MatosBoucan","og_description":"\ud83c\udfc3\u200d\u2642\ufe0f De Pont-l\u2019Abb\u00e9 \u00e0 Sydney : mon portrait dans&nbsp; Ouest-France C\u2019est avec beaucoup de fiert\u00e9 (et un grand sourire) que je partage aujourd\u2019hui un superbe article publi\u00e9 dans&nbsp;Ouest-France&nbsp;ce week-end. Le journal m\u2019a consacr\u00e9 un portrait complet autour de mes deux passions : la&nbsp;course \u00e0 pied&nbsp;et la&nbsp;cr\u00e9ation de contenu. \ud83c\udfa5 De Leclerc Pont-l\u2019Abb\u00e9 aux millions de [&hellip;]","og_url":"https:\/\/www.matosboucan.com\/index.php\/2025\/10\/08\/de-pont-labbe-a-sydney\/","og_site_name":"MatosBoucan","article_publisher":"https:\/\/www.facebook.com\/MatosBoucan","article_published_time":"2025-10-08T09:04:04+00:00","article_modified_time":"2025-10-08T09:25:39+00:00","og_image":[{"width":1200,"height":703,"url":"https:\/\/www.matosboucan.com\/wp-content\/uploads\/2025\/10\/photo-couv-article-ouest-france.jpg","type":"image\/jpeg"}],"author":"MatosBoucan","twitter_card":"summary_large_image","twitter_creator":"@MatosBoucan","twitter_site":"@MatosBoucan","twitter_misc":{"\u00c9crit par":"MatosBoucan","Dur\u00e9e de lecture estim\u00e9e":"3 minutes"},"schema":{"@context":"https:\/\/schema.org","@graph":[{"@type":"WebPage","@id":"https:\/\/www.matosboucan.com\/index.php\/2025\/10\/08\/de-pont-labbe-a-sydney\/","url":"https:\/\/www.matosboucan.com\/index.php\/2025\/10\/08\/de-pont-labbe-a-sydney\/","name":"De Pont l'Abb\u00e9 \u00e0 Sydney - MatosBoucan","isPartOf":{"@id":"https:\/\/www.matosboucan.com\/#website"},"primaryImageOfPage":{"@id":"https:\/\/www.matosboucan.com\/index.php\/2025\/10\/08\/de-pont-labbe-a-sydney\/#primaryimage"},"image":{"@id":"https:\/\/www.matosboucan.com\/index.php\/2025\/10\/08\/de-pont-labbe-a-sydney\/#primaryimage"},"thumbnailUrl":"https:\/\/www.matosboucan.com\/wp-content\/uploads\/2025\/10\/photo-couv-article-ouest-france.jpg","datePublished":"2025-10-08T09:04:04+00:00","dateModified":"2025-10-08T09:25:39+00:00","author":{"@id":"https:\/\/www.matosboucan.com\/#\/schema\/person\/c075701518109e10e4a3095ea9d7dcb3"},"breadcrumb":{"@id":"https:\/\/www.matosboucan.com\/index.php\/2025\/10\/08\/de-pont-labbe-a-sydney\/#breadcrumb"},"inLanguage":"fr-FR","potentialAction":[{"@type":"ReadAction","target":["https:\/\/www.matosboucan.com\/index.php\/2025\/10\/08\/de-pont-labbe-a-sydney\/"]}]},{"@type":"ImageObject","inLanguage":"fr-FR","@id":"https:\/\/www.matosboucan.com\/index.php\/2025\/10\/08\/de-pont-labbe-a-sydney\/#primaryimage","url":"https:\/\/www.matosboucan.com\/wp-content\/uploads\/2025\/10\/photo-couv-article-ouest-france.jpg","contentUrl":"https:\/\/www.matosboucan.com\/wp-content\/uploads\/2025\/10\/photo-couv-article-ouest-france.jpg","width":1200,"height":703},{"@type":"BreadcrumbList","@id":"https:\/\/www.matosboucan.com\/index.php\/2025\/10\/08\/de-pont-labbe-a-sydney\/#breadcrumb","itemListElement":[{"@type":"ListItem","position":1,"name":"Accueil","item":"https:\/\/www.matosboucan.com\/"},{"@type":"ListItem","position":2,"name":"De Pont l&#8217;Abb\u00e9 \u00e0 Sydney"}]},{"@type":"WebSite","@id":"https:\/\/www.matosboucan.com\/#website","url":"https:\/\/www.matosboucan.com\/","name":"MatosBoucan French runner since 2014","description":"French runner since 2014","potentialAction":[{"@type":"SearchAction","target":{"@type":"EntryPoint","urlTemplate":"https:\/\/www.matosboucan.com\/?s={search_term_string}"},"query-input":{"@type":"PropertyValueSpecification","valueRequired":true,"valueName":"search_term_string"}}],"inLanguage":"fr-FR"},{"@type":"Person","@id":"https:\/\/www.matosboucan.com\/#\/schema\/person\/c075701518109e10e4a3095ea9d7dcb3","name":"MatosBoucan","url":"https:\/\/www.matosboucan.com\/index.php\/author\/admin5393\/"}]}},"jetpack_featured_media_url":"https:\/\/www.matosboucan.com\/wp-content\/uploads\/2025\/10\/photo-couv-article-ouest-france.jpg","jetpack_sharing_enabled":true,"jetpack_shortlink":"https:\/\/wp.me\/paDa4a-Kj","amp_enabled":true,"_links":{"self":[{"href":"https:\/\/www.matosboucan.com\/index.php\/wp-json\/wp\/v2\/posts\/2871"}],"collection":[{"href":"https:\/\/www.matosboucan.com\/index.php\/wp-json\/wp\/v2\/posts"}],"about":[{"href":"https:\/\/www.matosboucan.com\/index.php\/wp-json\/wp\/v2\/types\/post"}],"author":[{"embeddable":true,"href":"https:\/\/www.matosboucan.com\/index.php\/wp-json\/wp\/v2\/users\/1"}],"replies":[{"embeddable":true,"href":"https:\/\/www.matosboucan.com\/index.php\/wp-json\/wp\/v2\/comments?post=2871"}],"version-history":[{"count":4,"href":"https:\/\/www.matosboucan.com\/index.php\/wp-json\/wp\/v2\/posts\/2871\/revisions"}],"predecessor-version":[{"id":2882,"href":"https:\/\/www.matosboucan.com\/index.php\/wp-json\/wp\/v2\/posts\/2871\/revisions\/2882"}],"wp:featuredmedia":[{"embeddable":true,"href":"https:\/\/www.matosboucan.com\/index.php\/wp-json\/wp\/v2\/media\/2880"}],"wp:attachment":[{"href":"https:\/\/www.matosboucan.com\/index.php\/wp-json\/wp\/v2\/media?parent=2871"}],"wp:term":[{"taxonomy":"category","embeddable":true,"href":"https:\/\/www.matosboucan.com\/index.php\/wp-json\/wp\/v2\/categories?post=2871"},{"taxonomy":"post_tag","embeddable":true,"href":"https:\/\/www.matosboucan.com\/index.php\/wp-json\/wp\/v2\/tags?post=2871"}],"curies":[{"name":"wp","href":"https:\/\/api.w.org\/{rel}","templated":true}]}}